{"id":2448,"date":"2025-11-12T21:02:32","date_gmt":"2025-11-12T20:02:32","guid":{"rendered":"https:\/\/www.saengerchor-olympia.de\/?p=2448"},"modified":"2025-11-12T21:02:32","modified_gmt":"2025-11-12T20:02:32","slug":"wow-wieder-ein-wunderschoenes-chor-cafe","status":"publish","type":"post","link":"https:\/\/www.saengerchor-olympia.de\/?p=2448","title":{"rendered":"Wow, wieder ein wundersch\u00f6nes Chor Caf\u00e9"},"content":{"rendered":"\n<p>Wie im letzten Jahr sind wieder tolle Gast-Ch\u00f6re mit ihren vielf\u00e4ltigen Gesangseinlagen und instrumentaler Musik aufgetreten.<br>Was auch das Chor Caf\u00e9 ausmachte, waren die selbstgebackenen Kuchen, die vielf\u00e4ltige Auswahl an Herzhaftem und von der Getr\u00e4nkeauswahl blieb kein Wunsch offen.<br>Eine rundum gelungene Veranstaltung.<br>Danke an alle Gastch\u00f6re und Musikgruppen und selbstverst\u00e4ndlich an das Publikum.<br>Es war uns eine Freude, Euch zu verw\u00f6hnen und Euch bei uns zu haben.<br>Wir freuen uns auf ein baldiges Wiedersehen.<\/p>\n","protected":false},"excerpt":{"rendered":"<p>Wie im letzten Jahr sind wieder tolle Gast-Ch\u00f6re mit ihren vielf\u00e4ltigen Gesangseinlagen und instrumentaler Musik aufgetreten.Was auch das Chor Caf\u00e9 ausmachte, waren die selbstgebackenen Kuchen, die vielf\u00e4ltige Auswahl an Herzhaftem und von der Getr\u00e4nkeauswahl blieb kein Wunsch offen.Eine rundum gelungene &hellip; <a href=\"https:\/\/www.saengerchor-olympia.de\/?p=2448\">Weiterlesen <span class=\"meta-nav\">&rarr;<\/span><\/a><\/p>\n","protected":false},"author":3,"featured_media":0,"comment_status":"open","ping_status":"closed","sticky":false,"template":"","format":"standard","meta":{"footnotes":""},"categories":[6,72,19,76],"tags":[68,75,15,69],"class_list":["post-2448","post","type-post","status-publish","format-standard","hentry","category-aktivitaten","category-auftritt","category-mannerchor","category-taktvoll","tag-kulturhalle-steinheim","tag-mannerchor","tag-olympia","tag-taktvoll"],"_links":{"self":[{"href":"https:\/\/www.saengerchor-olympia.de\/index.php?rest_route=\/wp\/v2\/posts\/2448","targetHints":{"allow":["GET"]}}],"collection":[{"href":"https:\/\/www.saengerchor-olympia.de\/index.php?rest_route=\/wp\/v2\/posts"}],"about":[{"href":"https:\/\/www.saengerchor-olympia.de\/index.php?rest_route=\/wp\/v2\/types\/post"}],"author":[{"embeddable":true,"href":"https:\/\/www.saengerchor-olympia.de\/index.php?rest_route=\/wp\/v2\/users\/3"}],"replies":[{"embeddable":true,"href":"https:\/\/www.saengerchor-olympia.de\/index.php?rest_route=%2Fwp%2Fv2%2Fcomments&post=2448"}],"version-history":[{"count":1,"href":"https:\/\/www.saengerchor-olympia.de\/index.php?rest_route=\/wp\/v2\/posts\/2448\/revisions"}],"predecessor-version":[{"id":2449,"href":"https:\/\/www.saengerchor-olympia.de\/index.php?rest_route=\/wp\/v2\/posts\/2448\/revisions\/2449"}],"wp:attachment":[{"href":"https:\/\/www.saengerchor-olympia.de\/index.php?rest_route=%2Fwp%2Fv2%2Fmedia&parent=2448"}],"wp:term":[{"taxonomy":"category","embeddable":true,"href":"https:\/\/www.saengerchor-olympia.de\/index.php?rest_route=%2Fwp%2Fv2%2Fcategories&post=2448"},{"taxonomy":"post_tag","embeddable":true,"href":"https:\/\/www.saengerchor-olympia.de\/index.php?rest_route=%2Fwp%2Fv2%2Ftags&post=2448"}],"curies":[{"name":"wp","href":"https:\/\/api.w.org\/{rel}","templated":true}]}}