{"id":2416,"date":"2025-09-29T09:49:12","date_gmt":"2025-09-29T07:49:12","guid":{"rendered":"https:\/\/www.saengerchor-olympia.de\/?p=2416"},"modified":"2025-10-24T17:19:26","modified_gmt":"2025-10-24T15:19:26","slug":"olympia-chor-cafe-am-sonntag-26-oktober-2025","status":"publish","type":"post","link":"https:\/\/www.saengerchor-olympia.de\/?p=2416","title":{"rendered":"Olympia Chor Caf\u00e9 2025"},"content":{"rendered":"\n<figure class=\"wp-block-image size-large\"><img loading=\"lazy\" decoding=\"async\" width=\"724\" height=\"1024\" src=\"https:\/\/www.saengerchor-olympia.de\/wp-content\/uploads\/2025\/09\/Plakat_CC_A4-1-724x1024.png\" alt=\"\" class=\"wp-image-2433\" srcset=\"https:\/\/www.saengerchor-olympia.de\/wp-content\/uploads\/2025\/09\/Plakat_CC_A4-1-724x1024.png 724w, https:\/\/www.saengerchor-olympia.de\/wp-content\/uploads\/2025\/09\/Plakat_CC_A4-1-212x300.png 212w, https:\/\/www.saengerchor-olympia.de\/wp-content\/uploads\/2025\/09\/Plakat_CC_A4-1-768x1086.png 768w, https:\/\/www.saengerchor-olympia.de\/wp-content\/uploads\/2025\/09\/Plakat_CC_A4-1.png 794w\" sizes=\"auto, (max-width: 724px) 100vw, 724px\" \/><\/figure>\n\n\n\n<p>Sie m\u00f6chten einen sch\u00f6nen und herbstlichen Sonntagnachmittag verbringen?<\/p>\n\n\n\n<p>Dann haben wir die L\u00f6sung. Kommen Sie doch einfach zu unserem Chor Caf\u00e9 am 26.10.25 um 15 Uhr in die Kulturhalle in Hanau-Steinheim zu Kaffee und Kuchen.<\/p>\n\n\n\n<p>Selbstverst\u00e4ndlich werden Sie auch mit einer vielf\u00e4ltigen und musikalischen Unterhaltung mit verschiedenen Ch\u00f6ren aus der Region verw\u00f6hnt.<\/p>\n\n\n\n<p>Und Sie lauschen den Liedern folgender Ch\u00f6re:<\/p>\n\n\n\n<ul class=\"wp-block-list\">\n<li>Typisch M\u00e4nnerchor, eine Vereinigung von S\u00e4ngern verschiedener Ch\u00f6re<\/li>\n\n\n\n<li>Gesangverein Eintracht Hainhausen 1881 e.V.<\/li>\n\n\n\n<li>ConcoMix der Concordia Kesselstadt 1867 eV<\/li>\n\n\n\n<li>M\u00e4nnerchor des&nbsp;S\u00e4ngerchor Melitia 1905 Gro\u00dfauheim<\/li>\n\n\n\n<li>gemischter Chor Taktvoll des S\u00e4ngerchor Olympia 1860<\/li>\n<\/ul>\n\n\n\n<p>Seien Sie ganz herzlich Willkommen. Wir freuen uns auf Sie. Der Eintritt ist frei.<\/p>\n\n\n\n<p>W\u00e4hrend der Veranstaltung werden Sie von uns kulinarisch mit Kaffee, Kuchen und Snacks verw\u00f6hnt. Dar\u00fcber hinaus stehen weitere Gaumenfreuden wie Wein, Bier und alkoholfreie Getr\u00e4nke im Ausschank bereit.<\/p>\n\n\n\n<p>Wir w\u00fcnschen Ihnen einen unterhaltsamen Sonntagnachmittag in entspannter<br>Atmosph\u00e4re. Genie\u00dfen Sie das abwechslungsreiche Programm.<\/p>\n\n\n\n<p>Ort: Kulturhalle Steinheim<br>Ludwigstrasse 67<br>63456 Hanau<\/p>\n\n\n\n<p><a href=\"https:\/\/www.saengerchor-olympia.de\/wp-content\/uploads\/2025\/09\/OlympiaChorCafe2025.ics\">Termin jetzt zum Kalender hinzuf\u00fcgen<\/a><\/p>\n\n\n\n<p><\/p>\n","protected":false},"excerpt":{"rendered":"<p>Sie m\u00f6chten einen sch\u00f6nen und herbstlichen Sonntagnachmittag verbringen? Dann haben wir die L\u00f6sung. Kommen Sie doch einfach zu unserem Chor Caf\u00e9 am 26.10.25 um 15 Uhr in die Kulturhalle in Hanau-Steinheim zu Kaffee und Kuchen. Selbstverst\u00e4ndlich werden Sie auch mit &hellip; <a href=\"https:\/\/www.saengerchor-olympia.de\/?p=2416\">Weiterlesen <span class=\"meta-nav\">&rarr;<\/span><\/a><\/p>\n","protected":false},"author":3,"featured_media":2433,"comment_status":"open","ping_status":"closed","sticky":false,"template":"","format":"standard","meta":{"footnotes":""},"categories":[6,72,19,76,18],"tags":[68,75,15,69],"class_list":["post-2416","post","type-post","status-publish","format-standard","has-post-thumbnail","hentry","category-aktivitaten","category-auftritt","category-mannerchor","category-taktvoll","category-verein","tag-kulturhalle-steinheim","tag-mannerchor","tag-olympia","tag-taktvoll"],"_links":{"self":[{"href":"https:\/\/www.saengerchor-olympia.de\/index.php?rest_route=\/wp\/v2\/posts\/2416","targetHints":{"allow":["GET"]}}],"collection":[{"href":"https:\/\/www.saengerchor-olympia.de\/index.php?rest_route=\/wp\/v2\/posts"}],"about":[{"href":"https:\/\/www.saengerchor-olympia.de\/index.php?rest_route=\/wp\/v2\/types\/post"}],"author":[{"embeddable":true,"href":"https:\/\/www.saengerchor-olympia.de\/index.php?rest_route=\/wp\/v2\/users\/3"}],"replies":[{"embeddable":true,"href":"https:\/\/www.saengerchor-olympia.de\/index.php?rest_route=%2Fwp%2Fv2%2Fcomments&post=2416"}],"version-history":[{"count":15,"href":"https:\/\/www.saengerchor-olympia.de\/index.php?rest_route=\/wp\/v2\/posts\/2416\/revisions"}],"predecessor-version":[{"id":2447,"href":"https:\/\/www.saengerchor-olympia.de\/index.php?rest_route=\/wp\/v2\/posts\/2416\/revisions\/2447"}],"wp:featuredmedia":[{"embeddable":true,"href":"https:\/\/www.saengerchor-olympia.de\/index.php?rest_route=\/wp\/v2\/media\/2433"}],"wp:attachment":[{"href":"https:\/\/www.saengerchor-olympia.de\/index.php?rest_route=%2Fwp%2Fv2%2Fmedia&parent=2416"}],"wp:term":[{"taxonomy":"category","embeddable":true,"href":"https:\/\/www.saengerchor-olympia.de\/index.php?rest_route=%2Fwp%2Fv2%2Fcategories&post=2416"},{"taxonomy":"post_tag","embeddable":true,"href":"https:\/\/www.saengerchor-olympia.de\/index.php?rest_route=%2Fwp%2Fv2%2Ftags&post=2416"}],"curies":[{"name":"wp","href":"https:\/\/api.w.org\/{rel}","templated":true}]}}