{"id":2401,"date":"2025-01-26T10:27:49","date_gmt":"2025-01-26T09:27:49","guid":{"rendered":"https:\/\/www.saengerchor-olympia.de\/?p=2401"},"modified":"2025-04-26T18:19:03","modified_gmt":"2025-04-26T16:19:03","slug":"spende-an-das-steinheimer-familien-und-generationenzentrum","status":"publish","type":"post","link":"https:\/\/www.saengerchor-olympia.de\/?p=2401","title":{"rendered":"Spende an das Steinheimer Familien- und Generationenzentrum"},"content":{"rendered":"\n<p>Unser Singen im Advent war ein wundersch\u00f6ner Abend und das wurde auch durch gro\u00dfz\u00fcgige Spenden des Publikums honoriert.<\/p>\n\n\n\n<p>Am 21.01.2025 war es endlich so weit und wir konnten die Spende an die <a href=\"https:\/\/evang-steinheim.de\/startseite\/wir-ueber-uns\/steinhfamugenerationenzentrum.html\">evangelische Kirchgemeinde<\/a> \u00fcbergeben.<\/p>\n\n\n\n<figure class=\"wp-block-image size-large\"><img loading=\"lazy\" decoding=\"async\" width=\"1024\" height=\"740\" src=\"https:\/\/www.saengerchor-olympia.de\/wp-content\/uploads\/2025\/01\/1000071353-crop-1024x740.jpg\" alt=\"\" class=\"wp-image-2402\" srcset=\"https:\/\/www.saengerchor-olympia.de\/wp-content\/uploads\/2025\/01\/1000071353-crop-1024x740.jpg 1024w, https:\/\/www.saengerchor-olympia.de\/wp-content\/uploads\/2025\/01\/1000071353-crop-300x217.jpg 300w, https:\/\/www.saengerchor-olympia.de\/wp-content\/uploads\/2025\/01\/1000071353-crop-768x555.jpg 768w, https:\/\/www.saengerchor-olympia.de\/wp-content\/uploads\/2025\/01\/1000071353-crop-1536x1111.jpg 1536w, https:\/\/www.saengerchor-olympia.de\/wp-content\/uploads\/2025\/01\/1000071353-crop-2048x1481.jpg 2048w\" sizes=\"auto, (max-width: 1024px) 100vw, 1024px\" \/><\/figure>\n\n\n\n<p>Da die Veranstaltung allen viel Freude bereitet hat, wollen wir sie n\u00e4chstes Weihnachten gern wiederholen.<\/p>\n\n\n\n<p><\/p>\n","protected":false},"excerpt":{"rendered":"<p>Unser Singen im Advent war ein wundersch\u00f6ner Abend und das wurde auch durch gro\u00dfz\u00fcgige Spenden des Publikums honoriert. Am 21.01.2025 war es endlich so weit und wir konnten die Spende an die evangelische Kirchgemeinde \u00fcbergeben. Da die Veranstaltung allen viel &hellip; <a href=\"https:\/\/www.saengerchor-olympia.de\/?p=2401\">Weiterlesen <span class=\"meta-nav\">&rarr;<\/span><\/a><\/p>\n","protected":false},"author":3,"featured_media":0,"comment_status":"open","ping_status":"closed","sticky":false,"template":"","format":"standard","meta":{"footnotes":""},"categories":[6,72,16,76],"tags":[],"class_list":["post-2401","post","type-post","status-publish","format-standard","hentry","category-aktivitaten","category-auftritt","category-presse","category-taktvoll"],"_links":{"self":[{"href":"https:\/\/www.saengerchor-olympia.de\/index.php?rest_route=\/wp\/v2\/posts\/2401","targetHints":{"allow":["GET"]}}],"collection":[{"href":"https:\/\/www.saengerchor-olympia.de\/index.php?rest_route=\/wp\/v2\/posts"}],"about":[{"href":"https:\/\/www.saengerchor-olympia.de\/index.php?rest_route=\/wp\/v2\/types\/post"}],"author":[{"embeddable":true,"href":"https:\/\/www.saengerchor-olympia.de\/index.php?rest_route=\/wp\/v2\/users\/3"}],"replies":[{"embeddable":true,"href":"https:\/\/www.saengerchor-olympia.de\/index.php?rest_route=%2Fwp%2Fv2%2Fcomments&post=2401"}],"version-history":[{"count":3,"href":"https:\/\/www.saengerchor-olympia.de\/index.php?rest_route=\/wp\/v2\/posts\/2401\/revisions"}],"predecessor-version":[{"id":2408,"href":"https:\/\/www.saengerchor-olympia.de\/index.php?rest_route=\/wp\/v2\/posts\/2401\/revisions\/2408"}],"wp:attachment":[{"href":"https:\/\/www.saengerchor-olympia.de\/index.php?rest_route=%2Fwp%2Fv2%2Fmedia&parent=2401"}],"wp:term":[{"taxonomy":"category","embeddable":true,"href":"https:\/\/www.saengerchor-olympia.de\/index.php?rest_route=%2Fwp%2Fv2%2Fcategories&post=2401"},{"taxonomy":"post_tag","embeddable":true,"href":"https:\/\/www.saengerchor-olympia.de\/index.php?rest_route=%2Fwp%2Fv2%2Ftags&post=2401"}],"curies":[{"name":"wp","href":"https:\/\/api.w.org\/{rel}","templated":true}]}}