{"id":2321,"date":"2024-09-03T21:11:40","date_gmt":"2024-09-03T19:11:40","guid":{"rendered":"https:\/\/www.saengerchor-olympia.de\/?p=2321"},"modified":"2024-11-02T11:55:38","modified_gmt":"2024-11-02T10:55:38","slug":"olympia-chor-cafe-2024","status":"publish","type":"post","link":"https:\/\/www.saengerchor-olympia.de\/?p=2321","title":{"rendered":"Olympia Chor Cafe 2024"},"content":{"rendered":"\n<figure class=\"wp-block-image size-large is-resized\"><img loading=\"lazy\" decoding=\"async\" width=\"576\" height=\"1024\" src=\"https:\/\/www.saengerchor-olympia.de\/wp-content\/uploads\/2024\/09\/Plakat_CC-576x1024.png\" alt=\"\" class=\"wp-image-2349\" style=\"width:669px;height:auto\" srcset=\"https:\/\/www.saengerchor-olympia.de\/wp-content\/uploads\/2024\/09\/Plakat_CC-576x1024.png 576w, https:\/\/www.saengerchor-olympia.de\/wp-content\/uploads\/2024\/09\/Plakat_CC-169x300.png 169w, https:\/\/www.saengerchor-olympia.de\/wp-content\/uploads\/2024\/09\/Plakat_CC.png 720w\" sizes=\"auto, (max-width: 576px) 100vw, 576px\" \/><\/figure>\n\n\n\n<p>Sie m\u00f6chten einen sch\u00f6nen und herbstlichen Sonntagnachmittag verbringen?<\/p>\n\n\n\n<p>Dann haben wir die L\u00f6sung. Kommen sie doch einfach zu unserem Chor Caf\u00e9 am 03.11.24 um 15 Uhr in die Kulturhalle in Hanau-Steinheim zu Kaffee und Kuchen.<\/p>\n\n\n\n<p>Selbstverst\u00e4ndlich werden sie auch mit einer vielf\u00e4ltigen und musikalischen Unterhaltung mit verschiedenen Ch\u00f6ren aus der Region verw\u00f6hnt.<\/p>\n\n\n\n<p>Und sie lauschen den Liedern folgender Ch\u00f6re:<\/p>\n\n\n\n<ul class=\"wp-block-list\">\n<li>M\u00e4nnerchor der\u00a0S\u00e4ngerchor Melitia 1905 Gro\u00dfauheim<\/li>\n\n\n\n<li>The Females des&nbsp;S\u00e4ngerkranz 1845 Dietesheim<\/li>\n\n\n\n<li>Philippus-Chor aus Frankfurt-Riederwald<\/li>\n\n\n\n<li>ConcoMix der Concordia Kesselstadt 1867 eV<\/li>\n\n\n\n<li>Typisch M\u00e4nnerchor, eine Vereinigung von S\u00e4ngern verschiedener Ch\u00f6re<\/li>\n\n\n\n<li>gemischter Chor Taktvoll des S\u00e4ngerchor Olympia 1860<\/li>\n<\/ul>\n\n\n\n<p>Seien sie ganz herzlich Willkommen. Wir freuen uns auf sie. Der Eintritt ist frei.<\/p>\n\n\n\n<p><\/p>\n","protected":false},"excerpt":{"rendered":"<p>Sie m\u00f6chten einen sch\u00f6nen und herbstlichen Sonntagnachmittag verbringen? Dann haben wir die L\u00f6sung. Kommen sie doch einfach zu unserem Chor Caf\u00e9 am 03.11.24 um 15 Uhr in die Kulturhalle in Hanau-Steinheim zu Kaffee und Kuchen. Selbstverst\u00e4ndlich werden sie auch mit &hellip; <a href=\"https:\/\/www.saengerchor-olympia.de\/?p=2321\">Weiterlesen <span class=\"meta-nav\">&rarr;<\/span><\/a><\/p>\n","protected":false},"author":3,"featured_media":0,"comment_status":"open","ping_status":"closed","sticky":false,"template":"","format":"standard","meta":{"footnotes":""},"categories":[6,72,19,76],"tags":[68,75,15,69],"class_list":["post-2321","post","type-post","status-publish","format-standard","hentry","category-aktivitaten","category-auftritt","category-mannerchor","category-taktvoll","tag-kulturhalle-steinheim","tag-mannerchor","tag-olympia","tag-taktvoll"],"_links":{"self":[{"href":"https:\/\/www.saengerchor-olympia.de\/index.php?rest_route=\/wp\/v2\/posts\/2321","targetHints":{"allow":["GET"]}}],"collection":[{"href":"https:\/\/www.saengerchor-olympia.de\/index.php?rest_route=\/wp\/v2\/posts"}],"about":[{"href":"https:\/\/www.saengerchor-olympia.de\/index.php?rest_route=\/wp\/v2\/types\/post"}],"author":[{"embeddable":true,"href":"https:\/\/www.saengerchor-olympia.de\/index.php?rest_route=\/wp\/v2\/users\/3"}],"replies":[{"embeddable":true,"href":"https:\/\/www.saengerchor-olympia.de\/index.php?rest_route=%2Fwp%2Fv2%2Fcomments&post=2321"}],"version-history":[{"count":9,"href":"https:\/\/www.saengerchor-olympia.de\/index.php?rest_route=\/wp\/v2\/posts\/2321\/revisions"}],"predecessor-version":[{"id":2359,"href":"https:\/\/www.saengerchor-olympia.de\/index.php?rest_route=\/wp\/v2\/posts\/2321\/revisions\/2359"}],"wp:attachment":[{"href":"https:\/\/www.saengerchor-olympia.de\/index.php?rest_route=%2Fwp%2Fv2%2Fmedia&parent=2321"}],"wp:term":[{"taxonomy":"category","embeddable":true,"href":"https:\/\/www.saengerchor-olympia.de\/index.php?rest_route=%2Fwp%2Fv2%2Fcategories&post=2321"},{"taxonomy":"post_tag","embeddable":true,"href":"https:\/\/www.saengerchor-olympia.de\/index.php?rest_route=%2Fwp%2Fv2%2Ftags&post=2321"}],"curies":[{"name":"wp","href":"https:\/\/api.w.org\/{rel}","templated":true}]}}