{"id":2305,"date":"2023-08-27T17:20:57","date_gmt":"2023-08-27T15:20:57","guid":{"rendered":"https:\/\/www.saengerchor-olympia.de\/?p=2305"},"modified":"2024-09-03T19:14:26","modified_gmt":"2024-09-03T17:14:26","slug":"olympia-chor-cafe-am-sonntag-17-september-2023","status":"publish","type":"post","link":"https:\/\/www.saengerchor-olympia.de\/?p=2305","title":{"rendered":"Olympia Chor Caf\u00e9 am Sonntag, 17. September 2023"},"content":{"rendered":"\n<p>Der S\u00e4ngerchor Olympia 1860 e.V. l\u00e4dt ganz herzlich zum diesj\u00e4hrigen<\/p>\n\n\n\n<p><strong>Olympia Chor Caf\u00e9 am Sonntag, dem 17. September 2023 ab 14:00 Uhr<\/strong><\/p>\n\n\n\n<p>nach Hanau Steinheim ein.<\/p>\n\n\n\n<p>Nach mehrj\u00e4hriger Pause nehmen wir unsere Tradition wieder auf und laden<br>ganz herzlich alle B\u00fcrger, Freunde und Interessierte zum gem\u00fctlichen<br>Beisammensein im Chor Caf\u00e9 ein.<\/p>\n\n\n\n<p>Befreundete Ch\u00f6re aus der Region sind unserem Ruf gefolgt und werden Sie musikalisch<br>von der klassischen M\u00e4nnerchor-Literatur bis hin zur modernen Popmusik verzaubern.<br>Folgende Ch\u00f6re treten auf:<\/p>\n\n\n\n<ul class=\"wp-block-list\">\n<li>S\u00e4ngerchor Olympia &#8211; Taktvoll<\/li>\n\n\n\n<li>Steinheimer Altstadtraben<\/li>\n\n\n\n<li>Gesangsverein Eintracht 1874 e.V. Bischofsheim<\/li>\n\n\n\n<li>S\u00e4ngerkranz 1845 e.V. Dietesheim<\/li>\n\n\n\n<li>Liederkranz Ronneburg<\/li>\n\n\n\n<li>Typisch M\u00e4nnerchor mit\n<ul class=\"wp-block-list\">\n<li>S\u00e4ngerchor Olympia \u2013 M\u00e4nnerchor<\/li>\n\n\n\n<li>M\u00e4nnergesangsverein Liederzweig Steinheim<\/li>\n\n\n\n<li>Harmonie Klein-Auheim<\/li>\n\n\n\n<li>S\u00e4ngervereinigung Harmonie-Polyhymnia L\u00e4mmerspiel<\/li>\n\n\n\n<li>Sumser Hanau<\/li>\n<\/ul>\n<\/li>\n<\/ul>\n\n\n\n<p>W\u00e4hrend der Veranstaltung werden Sie von uns kulinarisch mit Kaffee, Kuchen und Snacks verw\u00f6hnt. Dar\u00fcber hinaus stehen weiter Gaumenfreuden wie Wein, Bier und alkoholfreie Getr\u00e4nke im Ausschank bereit.<\/p>\n\n\n\n<p>Wir w\u00fcnschen Ihnen einen unterhaltsamen Sonntagnachmittag in entspannter<br>Atmosph\u00e4re. Genie\u00dfen Sie das abwechslungsreiche Programm.<\/p>\n\n\n\n<p>Ort: Kulturhalle Steinheim<br>Ludwigstrasse 67<br>63456 Hanau<\/p>\n\n\n\n<p>Der Eintritt ist frei!<\/p>\n","protected":false},"excerpt":{"rendered":"<p>Der S\u00e4ngerchor Olympia 1860 e.V. l\u00e4dt ganz herzlich zum diesj\u00e4hrigen Olympia Chor Caf\u00e9 am Sonntag, dem 17. September 2023 ab 14:00 Uhr nach Hanau Steinheim ein. Nach mehrj\u00e4hriger Pause nehmen wir unsere Tradition wieder auf und ladenganz herzlich alle B\u00fcrger, &hellip; <a href=\"https:\/\/www.saengerchor-olympia.de\/?p=2305\">Weiterlesen <span class=\"meta-nav\">&rarr;<\/span><\/a><\/p>\n","protected":false},"author":3,"featured_media":0,"comment_status":"open","ping_status":"closed","sticky":false,"template":"","format":"standard","meta":{"footnotes":""},"categories":[72,19,16,76],"tags":[68,75,15,69],"class_list":["post-2305","post","type-post","status-publish","format-standard","hentry","category-auftritt","category-mannerchor","category-presse","category-taktvoll","tag-kulturhalle-steinheim","tag-mannerchor","tag-olympia","tag-taktvoll"],"_links":{"self":[{"href":"https:\/\/www.saengerchor-olympia.de\/index.php?rest_route=\/wp\/v2\/posts\/2305","targetHints":{"allow":["GET"]}}],"collection":[{"href":"https:\/\/www.saengerchor-olympia.de\/index.php?rest_route=\/wp\/v2\/posts"}],"about":[{"href":"https:\/\/www.saengerchor-olympia.de\/index.php?rest_route=\/wp\/v2\/types\/post"}],"author":[{"embeddable":true,"href":"https:\/\/www.saengerchor-olympia.de\/index.php?rest_route=\/wp\/v2\/users\/3"}],"replies":[{"embeddable":true,"href":"https:\/\/www.saengerchor-olympia.de\/index.php?rest_route=%2Fwp%2Fv2%2Fcomments&post=2305"}],"version-history":[{"count":3,"href":"https:\/\/www.saengerchor-olympia.de\/index.php?rest_route=\/wp\/v2\/posts\/2305\/revisions"}],"predecessor-version":[{"id":2309,"href":"https:\/\/www.saengerchor-olympia.de\/index.php?rest_route=\/wp\/v2\/posts\/2305\/revisions\/2309"}],"wp:attachment":[{"href":"https:\/\/www.saengerchor-olympia.de\/index.php?rest_route=%2Fwp%2Fv2%2Fmedia&parent=2305"}],"wp:term":[{"taxonomy":"category","embeddable":true,"href":"https:\/\/www.saengerchor-olympia.de\/index.php?rest_route=%2Fwp%2Fv2%2Fcategories&post=2305"},{"taxonomy":"post_tag","embeddable":true,"href":"https:\/\/www.saengerchor-olympia.de\/index.php?rest_route=%2Fwp%2Fv2%2Ftags&post=2305"}],"curies":[{"name":"wp","href":"https:\/\/api.w.org\/{rel}","templated":true}]}}